{"id":1156,"date":"2015-01-15T10:58:03","date_gmt":"2015-01-15T09:58:03","guid":{"rendered":"http:\/\/itakablog.com\/?p=1156"},"modified":"2015-01-15T10:58:03","modified_gmt":"2015-01-15T09:58:03","slug":"marchionne-e-la-bella-notizia-che-nessuno-vuole-sentire","status":"publish","type":"post","link":"https:\/\/itakablog.com\/?p=1156","title":{"rendered":"Marchionne e la bella notizia che nessuno vuole sentire"},"content":{"rendered":"<p>Ecco qui il vostro disfattista di professione che ha deciso di scrivere qualcosa di positivo. Molto probabilmente sar\u00e1 positivo solo per me perch\u00e9 non mi sembra di aver trovato grossi riscontri nelle maggiori testate giornalistiche n\u00e9 tantomeno commenti a favore in rete. Diciamo la notizia \u00e9 passata abbastanza inosservata ma la cosa non mi stupisce. L&#8217;argomento \u00e9 sempre stato molto dibattuto e fra Diavolo e Acqua Santa io mi sono schierato per quello che l&#8217;opinione pubblica ha spesso\u00a0descritto come il Demonio: Sergio Marchionne.<\/p>\n<p><a href=\"http:\/\/www.corriere.it\/economia\/15_gennaio_12\/fiat-chrysler-500x-renegade-oltre-100-assunzioni-melfi-9cc19acc-9a64-11e4-806b-2b4cc98e1f17.shtml\" target=\"_blank\">La notizia<\/a> si riferisce alla piena riapertura dell&#8217;impianto produttivo di Melfi e all&#8217;assunzione di 1500 nuovi lavoratori e considerando il periodo la trovo una buona notizia.<\/p>\n<p>Ho sempre apprezzato il\u00a0manager Sergio Marchionne\u00a0mentre \u00e9 stato\u00a0sempre criticato dalla stanpa e dall&#8217;opinione pubblica che lo accusava di essere semplicemente un esperto di finanza e non di auto. Uno che tagliava e non creava occupazione. Ai tempi degli attriti con la FIOM ho fatto sempre molta difficolt\u00e1 a trovare commenti\u00a0favorevoli su\u00a0Marchionne. Poco mi importa ipoich\u00e9 ognuno ha le sue idee e io le mie.<\/p>\n<p>Avevo gi\u00e1 scritto (un p\u00f3 superficialmente) <a title=\"La lettera della Boldrini a Marchionne, immagine di una classe politica decadente\" href=\"http:\/\/itakablog.com\/?p=518\" target=\"_blank\">qui<\/a>\u00a0del mio scetticismo alle critiche su Marchionne specialmente quelle che arrivavano dalla classe politica che reputo particolarmente ignorante in materia economica. Non mi sorprendo\u00a0che un Manager da Milioni di Euro possa non essere\u00a0simpatico alla classe media Italiana ma mi aspetto che la classe politica sia in grado di\u00a0costruire\u00a0i propri commenti\u00a0su basi un p\u00f3 pi\u00fa concrete dei soli &#8220;sentori di pancia da bar di paese&#8221;.<\/p>\n<p>Il personaggio Marchionne mi ha sempre affascinato per il suo modo di esprimere i concetti: Chiari e diretti, con una bassa propensione alla diplomazia e all&#8217;uso della politica che lo differenza in questo mondo di leccaculisti dei politici di turno. Mi sembra semplicemente una persona concreta e diretta in grado di raggiungere i propri obiettivi (per quello che posso vedere dai numeri). La ragione principale della mia stima (s\u00ed, lo stimo) viene sopratutto dal fatto che senza Marchionne la FIAT sarebbe gi\u00e1 scomparsa da anni. Basta guardare\u00a0come si sono trasformati i bilanci dopo il suo arrivo. Chi lo critica pu\u00f3 mettersi ad elencare tutta una serie di aspetti negativi, accusarlo di aver messo a posto i bilanci solo con tagli, di non aver fatto\u00a0investimenti ma la realt\u00e1 \u00e9 che ha evitato l&#8217;estinzione della manifattura automobilistica Italiana. Non so giudicare (sono onesto, Io) i metodi perch\u00e9 le mie conoscenze\u00a0economico-finanziarie non mi permettono di criticare un piano economico aziendale. Io mi limito a misurare i risultati e questi sono indiscutibili. Molto probabilmente tutte le critiche che ho letto e sentito erano basate su competenze maggiori delle mie o molto probabilmente, come credo, erano spinte da sentimenti di pancia\u00a0anti-capitalista sotto la solita bandiera del &#8220;padrone cattivo&#8221; (e milionario perch\u00e9 mai dimenticare che in Italia la ricchezza \u00e9 sempre negativa).<\/p>\n<p>Non ho la presunzione di dare una valutazione dei suoi metodi\u00a0ma mi permetto di essere abbastanza critico quando segretari nazionali di organizzazioni sindacali invece di discutere sul come accordarsi con l&#8217;azienda ne criticano i piani economici e i metodi di produzione. S\u00ed perch\u00e9 \u00e9 arci noto che un sindacalista ha molta pi\u00fa competenza di un Amministratore Delegato nel gestire le aziende. A me sembra presunzione ad altri la norma. Io penso che\u00a0ognuno debba fare il proprio\u00a0lavoro, al manager il piano economico al sindacalista la negoziazione con l&#8217;azienda. Ma l&#8217;Italia sembra spesso un pianeta lontano dove il Sindacalista discute degli investimenti e il politico di turno il piano economico che l&#8217;Amministratore Delegato deve applicare. Fortunatamente nel caso di Marchionne questo meccanismo non si \u00e9 pi\u00fa innescato.<\/p>\n<p>La notizia diffusa in questi giorni della piena riapertura dell&#8217;impianto di Melfi porter\u00e1 alla fine della cassa integrazione e il rientro di tutti i\u00a05418 lavoratori, lo spostamento di altri 350 operai da altri impianti e l&#8217;assunzione di 1500 nuovi posti di lavoro.<\/p>\n<p>Sono sicuro che anche questo non sar\u00e1 esente da critiche perch\u00e9 ovviamente qualcuno prover\u00e1 a smontare la cosa:<\/p>\n<ul>\n<li>Sono solo interinali<\/li>\n<li>Produzione provvisoria senza garanzia per il futuro<\/li>\n<li>Assume adesso e poi licenzia\u00a0dopo<\/li>\n<li>Non ci sono strategie per il futuro<\/li>\n<li>Non ci sono investimenti (per la cronaca il tutto ha un costo\/investimento di 1 Miliardo di Euro)<\/li>\n<\/ul>\n<p>Nonostante io sia il disfattista mi\u00a0importa poco di come\/quando\/perch\u00e9. Mi interessa che qualcosa riparta nel nostro paese in questo periodo di stagnazione estremamente pesante. Non mi importa se FIAT ha messo la sede a Londra perch\u00e9 sono scelte che non so giudicare e fondamentalmente penso che il nostro Stato Italiano non si merita queste aziende mentre penso invece che gli Italiani si meritino questi posti di lavoro.<\/p>\n<p>Non mi interessa se questo \u00e9 un regalo per Renzi che sar\u00e1 sicuramente l&#8217;unico a mettersi la medaglia sulla giacchetta. Le dichiarazioni di Marchionne sul legame fra Jobs Act e queste assunzione \u00e9 un puro e semplice regalo. Le modifiche fatte dal Governo Renzi sui contratti lavorativi non sono ancora in vigore ma in ogni caso non sono cos\u00ed incisive. Marchionne ha assunto interinali e l&#8217;avrebbe fatto con o senza Jobs Act quindi Renzi\u00a0non ha grossi meriti ma\u00a0i\u00a0regali gratuiti si possono anche fare.<\/p>\n<p>Mi interessa invece che non ci siano aiuti pubblici (qualcuno me li elenchi se ha le prove del contrario), che la FIAT abbia\u00a0vinto una battaglia contro una rappresentanza sindacale FIOM completamente anacronistica che non condivido nemmeno per uno 0,1%. Mi interessa che pi\u00fa di 7000\u00a0persone + indotto avranno di nuovo lavoro, stipendio e che lo possano investirlo per il loro futuro.<\/p>\n<p>Non sar\u00e1 definitivo? \u00e9 un piano solo triennale? Pu\u00f3 essere ma intanto non c&#8217;\u00e9 alternativa perch\u00e9 il lavoro si pu\u00f3 garantire solo quando l&#8217;economia funziona bene e il mercato dell&#8217;auto come tanti altri mi sembra\u00a0molto pi\u00fa che fermo.<\/p>\n<p>Marchionne non ha piani di investimenti per il futuro? non ha strategie? non ha una visione? <a href=\"http:\/\/www.linkiesta.it\/melfi-fca-marchionne-ha-vinto-ma-sottovaluta-futuro\" target=\"_blank\">Sottovaluta il futuro<\/a>? Pu\u00f3 essere, non lo so, non lo posso sapere come non lo possono sapere tanti critici <del>da bar<\/del> del momento perch\u00e9 gli esperti in materia non si trovano su Facebook.<\/p>\n<p>Solo il futuro potr\u00e1 dare ragione ad uno o all&#8217;altro ma dal mio punto di vista il presente e il passato hanno gi\u00e1 dato delle buone risposte che pochi\u00a0sembrano aver\u00a0letto.<\/p>\n<p>La notizia \u00e9 che Sergio Marchionne \u00e9 stato assolto in primo e secondo grado. Aspettiamo la cassazione per la sentenza definitiva.<\/p>\n","protected":false},"excerpt":{"rendered":"<p>Ecco qui il vostro disfattista di professione che ha deciso di scrivere qualcosa di positivo. Molto probabilmente sar\u00e1 positivo solo per me perch\u00e9 non mi sembra di aver trovato grossi riscontri nelle maggiori testate giornalistiche n\u00e9 tantomeno commenti a favore in rete. Diciamo la notizia \u00e9 passata abbastanza inosservata ma la cosa non mi stupisce. &hellip; <\/p>\n<p class=\"link-more\"><a href=\"https:\/\/itakablog.com\/?p=1156\" class=\"more-link\">Continue reading<span class=\"screen-reader-text\"> &#8220;Marchionne e la bella notizia che nessuno vuole sentire&#8221;<\/span><\/a><\/p>\n","protected":false},"author":2,"featured_media":0,"comment_status":"open","ping_status":"open","sticky":false,"template":"","format":"gallery","meta":{"om_disable_all_campaigns":false,"_monsterinsights_skip_tracking":false,"_monsterinsights_sitenote_active":false,"_monsterinsights_sitenote_note":"","_monsterinsights_sitenote_category":0,"_uf_show_specific_survey":0,"_uf_disable_surveys":false,"footnotes":""},"categories":[6],"tags":[13,47,25,37,64],"aioseo_notices":[],"_links":{"self":[{"href":"https:\/\/itakablog.com\/index.php?rest_route=\/wp\/v2\/posts\/1156"}],"collection":[{"href":"https:\/\/itakablog.com\/index.php?rest_route=\/wp\/v2\/posts"}],"about":[{"href":"https:\/\/itakablog.com\/index.php?rest_route=\/wp\/v2\/types\/post"}],"author":[{"embeddable":true,"href":"https:\/\/itakablog.com\/index.php?rest_route=\/wp\/v2\/users\/2"}],"replies":[{"embeddable":true,"href":"https:\/\/itakablog.com\/index.php?rest_route=%2Fwp%2Fv2%2Fcomments&post=1156"}],"version-history":[{"count":2,"href":"https:\/\/itakablog.com\/index.php?rest_route=\/wp\/v2\/posts\/1156\/revisions"}],"predecessor-version":[{"id":1158,"href":"https:\/\/itakablog.com\/index.php?rest_route=\/wp\/v2\/posts\/1156\/revisions\/1158"}],"wp:attachment":[{"href":"https:\/\/itakablog.com\/index.php?rest_route=%2Fwp%2Fv2%2Fmedia&parent=1156"}],"wp:term":[{"taxonomy":"category","embeddable":true,"href":"https:\/\/itakablog.com\/index.php?rest_route=%2Fwp%2Fv2%2Fcategories&post=1156"},{"taxonomy":"post_tag","embeddable":true,"href":"https:\/\/itakablog.com\/index.php?rest_route=%2Fwp%2Fv2%2Ftags&post=1156"}],"curies":[{"name":"wp","href":"https:\/\/api.w.org\/{rel}","templated":true}]}}